{"id":1010,"date":"2019-01-08T10:23:06","date_gmt":"2019-01-08T09:23:06","guid":{"rendered":"https:\/\/www.banelings.de\/?p=1010"},"modified":"2020-04-29T15:08:06","modified_gmt":"2020-04-29T13:08:06","slug":"zauberei-in-dazaralor","status":"publish","type":"post","link":"https:\/\/www.banelings.de\/index.php\/2019\/01\/08\/zauberei-in-dazaralor\/","title":{"rendered":"Zauberei in Dazar\u2019alor"},"content":{"rendered":"\n<p><strong>Der neue Raid \u201eSchlacht um Dazar\u2019alor\u201c bringt einige Besonderheiten in&nbsp;<a href=\"http:\/\/mein-mmo.de\/world-of-warcraft\/\" target=\"_blank\" rel=\"noreferrer noopener\">World of Warcraft<\/a>&nbsp;mit sich. Eure Charaktere werden verwandelt, wenn sie alle K\u00e4mpfe erleben wollen.<\/strong><\/p>\n\n\n\n<p>In rund zwei Wochen, am 23. Januar 2019, er\u00f6ffnet der neueste Raid von World of Warcraft seine Pforten. Ab dann gibt es endlich den \u201eHauptteil\u201c von&nbsp;<a href=\"https:\/\/mein-mmo.de\/wow-tides-of-vengeance-patch-81-uebersicht\/\" target=\"_blank\" rel=\"noreferrer noopener\">Patch 8.1 Wogen der Rache<\/a>&nbsp;zu spielen.<\/p>\n\n\n\n<p>Der Raid \u201eSchlacht um Dazar\u2019Alor\u201c l\u00e4uft dabei ein wenig anders ab als andere Schlachtz\u00fcge in WoW.<\/p>\n\n\n\n<p><strong>Was ist an der Schlacht von Dazar\u2019Alor anders?<\/strong>&nbsp;Der neue Raid spielt zum ersten Mal im brodelnden Konflikt zwischen Horde und Allianz. Daher finden einige K\u00e4mpfe zeitversetzt statt, was zu einer unterschiedlichen Bossreihenfolge f\u00fcr Horde und Allianz f\u00fchrt.<\/p>\n\n\n\n<div class=\"wp-block-image\"><figure class=\"aligncenter\"><a href=\"https:\/\/images.mein-mmo.de\/magazin\/medien\/2018\/09\/WoW-Troll-Rastakhan-Death-title.jpg\"><img decoding=\"async\" src=\"https:\/\/images.mein-mmo.de\/magazin\/medien\/2018\/09\/WoW-Troll-Rastakhan-Death-title.jpg\" alt=\"WoW Troll Rastakhan Death title\" class=\"wp-image-271293\"\/><\/a><\/figure><\/div>\n\n\n\n<p>Denn w\u00e4hrend die Allianz bereits den Hafen angreift, wissen Spieler der Horde noch gar nichts von dem Angriff.<\/p>\n\n\n\n<p><strong>Beide Seiten erleben alle Bosse:<\/strong>&nbsp;Dennoch werden sowohl Hordler als auch Allianzler beide Seiten des Konflikts erleben und Zugriff auf alle 9 Bosse haben. Die Reihenfolge ist jedoch ein bisschen anders.<\/p>\n\n\n\n<p>Es gibt eine weitere Besonderheit. Spieler beider Seiten werden in Charaktere der anderen Fraktion verwandelt, um jeweils 3 Bosse in einer \u201eR\u00fcckblende\u201c zu erleben.<\/p>\n\n\n\n<p><strong>Wer wird zu welchem Charakter?<\/strong>&nbsp;In welches Volk sich euer Charakter bei den R\u00fcckblenden verwandelt, ist dabei nicht vom Zufall abh\u00e4ngig sondern im Vorfeld festgelegt.<\/p>\n\n\n\n<h2 class=\"wp-block-heading\">Die Verwandlungen der Allianz<\/h2>\n\n\n\n<ul><li><strong>Draenei<\/strong>\u00a0verwandeln sich in Tauren, lediglich Magier werden zu Orcs.<\/li><li><strong>Zwerge<\/strong>\u00a0verwandeln sich in Orcs. Paladine werden zu Tauren und Priester zu Untoten.<\/li><li><strong>Gnome<\/strong>\u00a0verwandeln sich in Goblins. M\u00f6nche werden zu Blutelfen.<\/li><li><strong>Menschen<\/strong>\u00a0verwandeln sich in Untote, Paladine werden zu Blutelfen.<\/li><li><strong>Nachtelfen<\/strong>\u00a0werden zu Trollen. D\u00e4monenj\u00e4ger werden stattdessen Blutelfen.<\/li><li><strong>Pandaren<\/strong>\u00a0bleiben unver\u00e4ndert Pandaren.<\/li><li><strong>Worgen<\/strong>\u00a0verwandeln sich ausnahmslos in Trolle<\/li><\/ul>\n\n\n\n<figure class=\"wp-block-image\"><img decoding=\"async\" src=\"https:\/\/images.mein-mmo.de\/magazin\/medien\/2018\/10\/WoW-Blood-Elf-Night-Elf-cheer-title.jpg\" alt=\"\"\/><\/figure>\n\n\n\n<h2 class=\"wp-block-heading\"><a href=\"https:\/\/images.mein-mmo.de\/magazin\/medien\/2018\/10\/WoW-Blood-Elf-Night-Elf-cheer-title.jpg\"><\/a>Die Verwandlungen der Horde<\/h2>\n\n\n\n<ul><li><strong>Blutelfen<\/strong>&nbsp;verwandeln sich in Menschen, nur D\u00e4monenj\u00e4ger werden zu Nachtelfen.<\/li><li><strong>Goblins<\/strong>&nbsp;werden zu Gnomen, lediglich J\u00e4ger und Schamanen werden hingegen zu Zwergen.<\/li><li><strong>Orcs<\/strong>&nbsp;verwandeln sich alle in Zwerge.<\/li><li><strong>Pandaren<\/strong>&nbsp;bleiben unver\u00e4ndert Pandaren.<\/li><li><strong>Tauren<\/strong>&nbsp;verwandeln sich in Draenei, nur Druiden werden zu Nachtelfen.<\/li><li><strong>Trolle<\/strong>&nbsp;verwandeln sich in Nachtelfen. Schamanen werden zu Draenei, Hexenmeister zu Menschen.<\/li><li><strong>Untoten<\/strong>&nbsp;verwandeln sich alle in Menschen.<\/li><\/ul>\n\n\n\n<p>Neue Volksboni f\u00fcr alle: Die Verwandlung ist nicht nur optisch, sondern bringt auch die entsprechenden Volksf\u00e4higkeiten der V\u00f6lker mit sich.<\/p>\n\n\n\n<div class=\"wp-block-image\"><figure class=\"aligncenter\"><a href=\"https:\/\/images.mein-mmo.de\/magazin\/medien\/2018\/08\/WoW-Jaina-Writing-a-book-because-I-can.jpg\"><img decoding=\"async\" src=\"https:\/\/images.mein-mmo.de\/magazin\/medien\/2018\/08\/WoW-Jaina-Writing-a-book-because-I-can.jpg\" alt=\"WoW Jaina Writing a book because I can\" class=\"wp-image-260214\"\/><\/a><\/figure><\/div>\n\n\n\n<p>Euer Charakter ist f\u00fcr die Dauer der Verwandlung also wirklich ein Mitglied eines anderen Volks. Informiert euch also am besten im Vorfeld \u00fcber die Volksf\u00e4higkeiten eurer Verwandlungen, damit ihr das Beste aus dem Charakter herausholen k\u00f6nnt.<\/p>\n\n\n\n<p><strong>Wann er\u00f6ffnet der Raid?<\/strong>&nbsp;Die normale und heroische Version von Schlacht um Dazar\u2019Alor er\u00f6ffnet am 23. Januar 2019. Mythisch folgt eine Woche sp\u00e4ter.&nbsp;<a rel=\"noreferrer noopener\" aria-label=\" (opens in a new tab)\" href=\"https:\/\/www.banelings.de\/index.php\/schlacht-um-dazaralor\/\" target=\"_blank\">Die Er\u00f6ffnungstermine f\u00fcr alle Fl\u00fcgel des Schlachtzugsbrowsers haben wir in diesem Artikel f\u00fcr euch<\/a>.<\/p>\n\n\n\n<p>quelle: <a href=\"https:\/\/mein-mmo.de\/wow-raid-verwandlungen-voelker\/\"><a href=\"https:\/\/mein-mmo.de\/wow-raid-verwandlungen-voelker\/\">https:\/\/mein-mmo.de\/wow-raid-verwandlungen-voelker\/<\/a><\/a><\/p>\n\n\n\n<p><strong>Wie&nbsp;ist&nbsp;es&nbsp;bei&nbsp;euch?&nbsp;habt&nbsp;ihr&nbsp;Bock&nbsp;auf&nbsp;den&nbsp;neuen&nbsp;Raid?<\/strong><\/p>\n","protected":false},"excerpt":{"rendered":"<p>Der neue Raid \u201eSchlacht um Dazar\u2019alor\u201c bringt einige Besonderheiten in&nbsp;World of Warcraft&nbsp;mit sich. Eure Charaktere werden verwandelt, wenn sie alle K\u00e4mpfe erleben wollen. In rund &hellip;<\/p>\n","protected":false},"author":2,"featured_media":1012,"comment_status":"closed","ping_status":"open","sticky":false,"template":"","format":"standard","meta":{"footnotes":""},"categories":[1],"tags":[],"jetpack_featured_media_url":"https:\/\/www.banelings.de\/wp-content\/uploads\/2019\/01\/X7CXXXDKCGST1509560569093.jpg","_links":{"self":[{"href":"https:\/\/www.banelings.de\/index.php\/wp-json\/wp\/v2\/posts\/1010"}],"collection":[{"href":"https:\/\/www.banelings.de\/index.php\/wp-json\/wp\/v2\/posts"}],"about":[{"href":"https:\/\/www.banelings.de\/index.php\/wp-json\/wp\/v2\/types\/post"}],"author":[{"embeddable":true,"href":"https:\/\/www.banelings.de\/index.php\/wp-json\/wp\/v2\/users\/2"}],"replies":[{"embeddable":true,"href":"https:\/\/www.banelings.de\/index.php\/wp-json\/wp\/v2\/comments?post=1010"}],"version-history":[{"count":3,"href":"https:\/\/www.banelings.de\/index.php\/wp-json\/wp\/v2\/posts\/1010\/revisions"}],"predecessor-version":[{"id":1014,"href":"https:\/\/www.banelings.de\/index.php\/wp-json\/wp\/v2\/posts\/1010\/revisions\/1014"}],"wp:featuredmedia":[{"embeddable":true,"href":"https:\/\/www.banelings.de\/index.php\/wp-json\/wp\/v2\/media\/1012"}],"wp:attachment":[{"href":"https:\/\/www.banelings.de\/index.php\/wp-json\/wp\/v2\/media?parent=1010"}],"wp:term":[{"taxonomy":"category","embeddable":true,"href":"https:\/\/www.banelings.de\/index.php\/wp-json\/wp\/v2\/categories?post=1010"},{"taxonomy":"post_tag","embeddable":true,"href":"https:\/\/www.banelings.de\/index.php\/wp-json\/wp\/v2\/tags?post=1010"}],"curies":[{"name":"wp","href":"https:\/\/api.w.org\/{rel}","templated":true}]}}